{"id":29113,"date":"2021-02-01T00:00:00","date_gmt":"2021-02-01T00:00:00","guid":{"rendered":"http:\/\/www.omio.com\/window-seat\/uncategorized\/historic-spas-of-europe"},"modified":"2022-06-17T07:57:39","modified_gmt":"2022-06-17T07:57:39","slug":"historic-spas-of-europe","status":"publish","type":"post","link":"https:\/\/www.omio.com\/window-seat\/culture-lifestyle\/historic-spas-of-europe\/","title":{"rendered":"Historic Spas of Europe"},"content":{"rendered":"\n<p>Twenty-twenty will forever be remembered as the year of COVID. No matter your background, the stresses of the last year far outweighed its joys. Our physical and mental wellbeing were put to the test in ways we could never have imagined.&nbsp;<\/p>\n\n\n\n<p>While the pandemic is still raging, a new vaccine and the easing of some restrictions have made all of us breathe a little sigh of relief. Still, we will need to refresh and recharge ourselves when travel is back to normal.<\/p>\n\n\n\n<p>Spas abound in many locales. A day spa is a nice treat when you\u2019re working long hours but to truly rejuvenate, head to these five historic towns, members of UNESCO\u2019s Great Spas of Europe, to detox from the stresses of the modern world. While there are 15 on the official UNESCO list, we narrowed it down to our faves in five different countries.<\/p>\n\n\n\n<h3 class=\"wp-block-heading\"><strong>Baden-Baden, Germany<\/strong><\/h3>\n\n\n\n<figure class=\"wp-block-image size-full\"><img decoding=\"async\" src=\"https:\/\/www.omio.com\/window-seat\/wp-content\/uploads\/2022\/04\/2_Baden_Baden_Fullbleed_shutterstock_275587118-scaled.jpg\" alt=\"\" class=\"wp-image-17515\"\/><figcaption>The Black Forest town of Baden-Baden has long been a wellness retreat. Credit: Shutterstock<\/figcaption><\/figure>\n\n\n\n<p>Situated in the Black Forest above the river Oos, <a href=\"https:\/\/www.omio.com\/trains\/baden-baden?utm_source=omio-magazine&amp;utm_medium=magazine&amp;utm_campaign=February&amp;utm_content=UNESCO-Spas&amp;utm_term=US_trains_BadenBaden\" target=\"_blank\" rel=\"noreferrer noopener\">Baden-Baden<\/a> has long been synonymous with spas. The Romans settled the town in 80 A.D., bringing with them their thermal traditions. But it wasn\u2019t until the nineteenth century that well-heeled Europeans headed here to take in the medicinal waters. Take a tour of the Roman baths on R\u00f6merplatz or visit the tony casino in the historic Kurhaus, once used as a thermal getaway.&nbsp;<\/p>\n\n\n<div id=\"search-widget-overlay\" class=\"search-widget-overlay\">\r\n  <div class=\"search-widget-overlay__form\" data-search-widget-container>\r\n    <div class=\"search-widget-overlay__details\">\r\n      <button class=\"search-widget-overlay__close\" data-search-widget-close>\r\n        \u2715\r\n      <\/button>\r\n      <div class=\"search-widget-overlay__text\">\r\n        Baden-Baden       <\/div>\r\n    <\/div>\r\n\r\n  <\/div>\r\n<\/div>\r\n\r\n<div class=\"search-widget-cta\">\r\n  <button class=\"search-widget-cta__button\" data-search-widget-cta>\r\n    Tickets to Baden-Baden   <\/button>\r\n<\/div>\n\n\n<p>Verdant and resplendent with gardens and hiking trails, Baden-Baden offers a welcoming respite from the hustle and bustle of the big city, especially in low or mid-season. Head to the Caracalla spa to bathe in indoor and outdoor pools from the&nbsp; Friedrichsstolle spring or treat yourself to a massage or other service. You could spend the whole day here and never want to leave.&nbsp;&nbsp;<\/p>\n\n\n\n<figure class=\"wp-block-gallery has-nested-images columns-default is-cropped wp-block-gallery-1 is-layout-flex wp-block-gallery-is-layout-flex\">\n<figure class=\"wp-block-image size-large\"><img decoding=\"async\" data-id=\"17527\" src=\"https:\/\/www.omio.com\/window-seat\/wp-content\/uploads\/2022\/04\/5_EditorialOnly_Baden_Baden_Caracalla_shutterstock_1820978303-1024x683.jpg\" alt=\"\" class=\"wp-image-17527\"\/><figcaption>The Caracalla spa features indoor and outdoor pools for relaxation. Credit: Shutterstock<\/figcaption><\/figure>\n\n\n\n<figure class=\"wp-block-image size-large\"><img decoding=\"async\" data-id=\"17533\" src=\"https:\/\/www.omio.com\/window-seat\/wp-content\/uploads\/2022\/04\/4_Baden_Badenshutterstock_78532423-scaled.jpg\" alt=\"\" class=\"wp-image-17533\"\/><figcaption>The town\u2019s picturesque setting is the perfect backdrop to rejuvenation. Credit: Shutterstock<\/figcaption><\/figure>\n<\/figure>\n\n\n\n<p><strong>Where to stay: Atlantic Park Hotel<\/strong><br>This historic hotel sits on the banks of the Oos river and affords park views as well as 53 rooms and suites across four floors, decorated with traditional furnishings.<\/p>\n\n\n\n<h3 class=\"wp-block-heading\"><strong>Luha\u010dovice, Czech Republic<\/strong><\/h3>\n\n\n\n<p>While Karlovy Vary is better known, <a href=\"https:\/\/www.omio.ie\/travel\/luhacovice?utm_source=omio-magazine&amp;utm_medium=magazine&amp;utm_campaign=February&amp;utm_content=UNESCO-Spas&amp;utm_term=US_travel_luhacovice\" target=\"_blank\" rel=\"noreferrer noopener\">Luha\u010dovice<\/a>, with its 14 mineral springs, is the true spa gem in the Czech Republic. Situated on the border of Slovakia in the Carpathian mountains, Luha\u010dovice has only 6,000 residents, ensuring true relaxation. The city has a long history of wellness, dating back to the mid-1600s when the Serenyi family discovered a way to capitalize on the restorative powers of the area\u2019s natural springs.&nbsp;<\/p>\n\n\n<div id=\"search-widget-overlay\" class=\"search-widget-overlay\">\r\n  <div class=\"search-widget-overlay__form\" data-search-widget-container>\r\n    <div class=\"search-widget-overlay__details\">\r\n      <button class=\"search-widget-overlay__close\" data-search-widget-close>\r\n        \u2715\r\n      <\/button>\r\n      <div class=\"search-widget-overlay__text\">\r\n        Luha\u010dovice      <\/div>\r\n    <\/div>\r\n\r\n  <\/div>\r\n<\/div>\r\n\r\n<div class=\"search-widget-cta\">\r\n  <button class=\"search-widget-cta__button\" data-search-widget-cta>\r\n    Tickets to Luha\u010dovice  <\/button>\r\n<\/div>\n\n\n<figure class=\"wp-block-gallery has-nested-images columns-default wp-block-gallery-2 is-layout-flex wp-block-gallery-is-layout-flex\">\n<figure class=\"wp-block-image size-large\"><img decoding=\"async\" data-id=\"17541\" src=\"https:\/\/www.omio.com\/window-seat\/wp-content\/uploads\/2022\/04\/6_Luhacovice_shutterstock_77339056-scaled.jpg\" alt=\"\" class=\"wp-image-17541\"\/><figcaption>Visitors can drink from 14 different mineral springs in Luha\u010dovice. Credit: Shutterstock<\/figcaption><\/figure>\n\n\n\n<figure class=\"wp-block-image size-large\"><img decoding=\"async\" data-id=\"17547\" src=\"https:\/\/www.omio.com\/window-seat\/wp-content\/uploads\/2022\/04\/7_Luhacovice_Jurkovic_House_Architect_shutterstock_1148336903-scaled.jpg\" alt=\"\" class=\"wp-image-17547\"\/><figcaption>The town features fairytale-like buildings designed by architect Du\u0161an Jurkovi\u010d. Credit: Shutterstock<\/figcaption><\/figure>\n<\/figure>\n\n\n\n<p>Head to L\u00e1ze\u0148sk\u00e9 n\u00e1m\u011bst\u00ed (Spa Square) and admire the architecture of Du\u0161an Jurkovi\u010d. Local son Jurkovic was instrumental in giving the resort town its fairytale-like quality with his work at Slune\u010dn\u00ed l\u00e1zn\u011b (Sunshine Spa) and Vodol\u00e9\u010debn\u00e9ho \u00fastavu (Hydrotherapeutic Facility). Unwind with a week-long, physician-approved stay where you can drink from a variety of springs that claim to treat respiratory, musculoskeletal, digestive and circulatory diseases.<\/p>\n\n\n\n<p><strong>Where to stay: Hotel Radun<\/strong><br>This family-run boutique hotel, situated outside the center of town, has 15 rooms overlooking the Aloiska spring and offers guest wellness treatments at its own spa.<\/p>\n\n\n\n<h3 class=\"wp-block-heading\"><strong>Montecatini Terme, Italy<\/strong><\/h3>\n\n\n\n<figure class=\"wp-block-image size-full is-style-default\"><img decoding=\"async\" src=\"https:\/\/www.omio.com\/window-seat\/wp-content\/uploads\/2022\/04\/8_Montecatini_Terme_eyeem-100033628-130431706-2-scaled.jpg\" alt=\"\" class=\"wp-image-17554\"\/><figcaption>Montecatini Terme sits in the Tuscan countryside. Credit: EyeEm<\/figcaption><\/figure>\n\n\n\n<p>The Italians were some of the first people to recognize the healing powers of springs so it\u2019s no wonder the Tuscan town of <a href=\"https:\/\/www.omio.com\/travel\/montecatini-terme?utm_source=omio-magazine&amp;utm_medium=magazine&amp;utm_campaign=February&amp;utm_content=UNESCO=Spas&amp;utm_term=US_travel_montecatini-terme\" target=\"_blank\" rel=\"noreferrer noopener\">Montecatini Terme<\/a> is one of the most popular historic spa towns in Europe. The Romans built baths here but it was Grand Duke Pietro Leopoldo of Lorena who consolidated the springs in the eighteenth century, building the Bagno Regio (Imperial Bath) and Terme Leopoldine (Leopoldo\u2019s Baths), among other structures.<\/p>\n\n\n<div id=\"search-widget-overlay\" class=\"search-widget-overlay\">\r\n  <div class=\"search-widget-overlay__form\" data-search-widget-container>\r\n    <div class=\"search-widget-overlay__details\">\r\n      <button class=\"search-widget-overlay__close\" data-search-widget-close>\r\n        \u2715\r\n      <\/button>\r\n      <div class=\"search-widget-overlay__text\">\r\n        Montecatini Terme       <\/div>\r\n    <\/div>\r\n\r\n  <\/div>\r\n<\/div>\r\n\r\n<div class=\"search-widget-cta\">\r\n  <button class=\"search-widget-cta__button\" data-search-widget-cta>\r\n    Tickets to Montecatini Terme   <\/button>\r\n<\/div>\n\n\n<p>Meander under tree-lined avenues as you take the ancient funicular from Viale Verdi to Piazza Giusti to admire the Apennines mountains and Nievole Valley. Head to the Tettuccio Terme complex to admire elaborate frescoes and Art Nouveau masterpieces as you drink from marble altars gushing with water from the four main springs in town.&nbsp;<\/p>\n\n\n\n<figure class=\"wp-block-gallery has-nested-images columns-default is-cropped wp-block-gallery-3 is-layout-flex wp-block-gallery-is-layout-flex\">\n<figure class=\"wp-block-image size-large\"><img decoding=\"async\" data-id=\"17560\" src=\"https:\/\/www.omio.com\/window-seat\/wp-content\/uploads\/2022\/04\/9_Montecatini_Terme_gulzada-bektemirova-_xw6eFdECY8-unsplash-scaled.jpg\" alt=\"\" class=\"wp-image-17560\"\/><figcaption>Grand Duke Pietro Leopoldo of Lorena built the Terme Leopoldine in the eighteenth century. Credit: Gulzada Bektemirova\/Unsplash<\/figcaption><\/figure>\n\n\n\n<figure class=\"wp-block-image size-large\"><img decoding=\"async\" data-id=\"17567\" src=\"https:\/\/www.omio.com\/window-seat\/wp-content\/uploads\/2022\/04\/10_Montecatini_Terme_eyeem-100033628-143151775-scaled.jpg\" alt=\"\" class=\"wp-image-17567\"\/><figcaption>Terme Leopoldine is still in operation today, offering restorative waters. Credit: EyeEm<\/figcaption><\/figure>\n<\/figure>\n\n\n\n<p><strong>Where to stay: Hotel Adua &amp; Regina di Saba&nbsp;<\/strong><br>This wellness retreat, with a spa and year-round pools, boasts colorful interiors, with rooms and suites featuring spa baths and modern amenities.<\/p>\n\n\n\n<h3 class=\"wp-block-heading\"><strong>Spa, Belgium<\/strong><\/h3>\n\n\n\n<p>The very name of this town says it all. <a href=\"https:\/\/www.omio.com\/travel\/spa?utm_source=omio-magazine&amp;utm_medium=magazine&amp;utm_campaign=February&amp;utm_content=UNESCO-Spas&amp;utm_term=US_travel_spa\" target=\"_blank\" rel=\"noreferrer noopener\">Spa <\/a>is a quiet retreat in the Ardennes long favored by locals but much overlooked by foreigners. That may change this year as wellness becomes more of a priority.&nbsp;<\/p>\n\n\n<div id=\"search-widget-overlay\" class=\"search-widget-overlay\">\r\n  <div class=\"search-widget-overlay__form\" data-search-widget-container>\r\n    <div class=\"search-widget-overlay__details\">\r\n      <button class=\"search-widget-overlay__close\" data-search-widget-close>\r\n        \u2715\r\n      <\/button>\r\n      <div class=\"search-widget-overlay__text\">\r\n        Spa      <\/div>\r\n    <\/div>\r\n\r\n  <\/div>\r\n<\/div>\r\n\r\n<div class=\"search-widget-cta\">\r\n  <button class=\"search-widget-cta__button\" data-search-widget-cta>\r\n    Tickets to Spa  <\/button>\r\n<\/div>\n\n\n<p>The town\u2019s therapeutic roots are\u2014you guessed it\u2014Roman, with the philosopher Pliny the Elder raving about its curative waters in the first century A.D. European nobility (thanks to Peter the Great) came flooding into the Art Nouveau town in the eighteenth century but its popularity as a resort waned in favor of Baden Baden and Vichy.&nbsp;<\/p>\n\n\n\n<figure class=\"wp-block-gallery has-nested-images columns-default wp-block-gallery-4 is-layout-flex wp-block-gallery-is-layout-flex\">\n<figure class=\"wp-block-image size-large\"><img decoding=\"async\" data-id=\"17576\" src=\"https:\/\/www.omio.com\/window-seat\/wp-content\/uploads\/2022\/04\/11_Thermes_de_Spa-scaled.jpg\" alt=\"\" class=\"wp-image-17576\"\/><figcaption>Les Thermes Spa is a modern complex set in the woods that you can get to by funicular. Credit: Les Thermes Spa<\/figcaption><\/figure>\n\n\n\n<figure class=\"wp-block-image size-large\"><img decoding=\"async\" data-id=\"17582\" src=\"https:\/\/www.omio.com\/window-seat\/wp-content\/uploads\/2022\/04\/12_Thermes_de_Spa_2-scaled.jpg\" alt=\"\" class=\"wp-image-17582\"\/><figcaption>You can soak in iron-rich waters at the bucolic spa. Credit: Les Thermes Spa<\/figcaption><\/figure>\n<\/figure>\n\n\n\n<p>Take the funicular to Les Thermes Spa, a modern complex with indoor and outdoor pools as well as saunas and steam rooms. Soak in iron-rich waters in a copper bathtub as you admire the verdant and lush Wallonian forest out of your bay window. Stress and hypertension melt away while skin is rejuvenated, too.<\/p>\n\n\n\n<p><strong>Where to stay: Manoir de L\u00e9bioles<\/strong><br>Once a lavish manor, this hotel boasts a plethora of luxuries, from a wellness center to four-poster beds to fireplaces in every room.<\/p>\n\n\n\n<h3 class=\"wp-block-heading\"><strong>Vichy, France<\/strong><\/h3>\n\n\n\n<p><a href=\"https:\/\/www.omio.com\/trains\/vichy-2quqn?utm_source=omio-magazine&amp;utm_medium=magazine&amp;utm_campaign=February&amp;utm_content=UNESCO-Spas&amp;utm_term=US_trains_vichy\" target=\"_blank\" rel=\"noreferrer noopener\">Vichy<\/a>, the \u201cQueen of Spa Towns,\u201d immediately conjures up images of wellness\u2014Vichy showers are one of the most therapeutic treatments after all. Military history buffs will recognize its significance as the headquarters of the controversial Vichy Government in the 1930s and \u201940s. Still, this town in Auvergne, three hours south of Paris, has deep roots in the wellness industry. The Romans created an ancient version of a steam room here and, in the eighteenth century, Dr. Jacques-Francois Chomel modernized the practice. A century later, Emperor Louis Napoleon III, in a bid to overtake the Germans, decreed that Vichy was the preeminent spa town in Europe.&nbsp;<\/p>\n\n\n<div id=\"search-widget-overlay\" class=\"search-widget-overlay\">\r\n  <div class=\"search-widget-overlay__form\" data-search-widget-container>\r\n    <div class=\"search-widget-overlay__details\">\r\n      <button class=\"search-widget-overlay__close\" data-search-widget-close>\r\n        \u2715\r\n      <\/button>\r\n      <div class=\"search-widget-overlay__text\">\r\n        Vichy      <\/div>\r\n    <\/div>\r\n\r\n  <\/div>\r\n<\/div>\r\n\r\n<div class=\"search-widget-cta\">\r\n  <button class=\"search-widget-cta__button\" data-search-widget-cta>\r\n    Tickets to Vichy  <\/button>\r\n<\/div>\n\n\n<figure class=\"wp-block-gallery has-nested-images columns-default is-cropped wp-block-gallery-5 is-layout-flex wp-block-gallery-is-layout-flex\">\n<figure class=\"wp-block-image size-large\"><img decoding=\"async\" data-id=\"17590\" src=\"https:\/\/www.omio.com\/window-seat\/wp-content\/uploads\/2022\/04\/13_EditorialOnly_Vichy_Celestins_Source_Mineral_Water_shutterstock_1820210987-scaled.jpg\" alt=\"\" class=\"wp-image-17590\"\/><figcaption>Vichy is considered the \u201cQueen of Spa Towns\u201d because of its history as a retreat for European aristocracy. Credit: Shutterstock<\/figcaption><\/figure>\n\n\n\n<figure class=\"wp-block-image size-large\"><img decoding=\"async\" data-id=\"17596\" src=\"https:\/\/www.omio.com\/window-seat\/wp-content\/uploads\/2022\/04\/14_Vichy_Thermal_Pump_Room_shutterstock_711027667-scaled.jpg\" alt=\"\" class=\"wp-image-17596\"\/><figcaption>Visitors flock to the Hall des Sources, a pump room featuring therapeutic waters from the region. Credit: Shutterstock<\/figcaption><\/figure>\n<\/figure>\n\n\n\n<p>Start your wellness journey at the Parc des Sources, an expansive green space created by Napoleon III. Stroll under the chestnut trees as you admire the Art Nouveau edifices. At the historic Hall des Sources, a glass-and-iron structure built in 1903, you\u2019ll encounter locals flocking to drink from six springs, all with therapeutic powers. Treat yourself to one of the other cures, aimed to alleviate digestive and circulatory ailments.&nbsp;<\/p>\n\n\n\n<p><strong>Where to stay: H\u00f4tel de Grignan<\/strong><br>Just steps away from the thermal baths, this luxury hotel features a wellness center, complete with hammam, as well as modern rooms with tufted leather furniture and spa baths.<\/p>\n","protected":false},"excerpt":{"rendered":"<p>Twenty-twenty will forever be remembered as the year of COVID. No matter your background, the stresses of the last year far outweighed its joys. Our physical and mental wellbeing were put to the test in ways we could never have imagined.&nbsp; While the pandemic is still raging, a new vaccine and the easing of some&hellip; <a class=\"more-link\" href=\"https:\/\/www.omio.com\/window-seat\/culture-lifestyle\/historic-spas-of-europe\/\">Continue reading <span class=\"screen-reader-text\">Historic Spas of Europe<\/span><\/a><\/p>\n","protected":false},"author":6,"featured_media":9827,"comment_status":"open","ping_status":"open","sticky":false,"template":"","format":"standard","meta":{"_acf_changed":false,"inline_featured_image":false,"footnotes":""},"categories":[706,707],"tags":[],"position_ids":[],"class_list":["post-29113","post","type-post","status-publish","format-standard","has-post-thumbnail","hentry","category-culture-lifestyle","category-wellness","entry"],"acf":[],"yoast_head":"<!-- This site is optimized with the Yoast SEO plugin v24.9 - https:\/\/yoast.com\/wordpress\/plugins\/seo\/ -->\n<title>Historic Spas of Europe | Omio<\/title>\n<meta name=\"robots\" content=\"index, follow, max-snippet:-1, max-image-preview:large, max-video-preview:-1\" \/>\n<link rel=\"canonical\" href=\"https:\/\/www.omio.com\/window-seat\/culture-lifestyle\/historic-spas-of-europe\/\" \/>\n<meta property=\"og:locale\" content=\"en_US\" \/>\n<meta property=\"og:type\" content=\"article\" \/>\n<meta property=\"og:title\" content=\"Historic Spas of Europe | Omio\" \/>\n<meta property=\"og:description\" content=\"Twenty-twenty will forever be remembered as the year of COVID. No matter your background, the stresses of the last year far outweighed its joys. Our physical and mental wellbeing were put to the test in ways we could never have imagined.&nbsp; While the pandemic is still raging, a new vaccine and the easing of some&hellip; Continue reading Historic Spas of Europe\" \/>\n<meta property=\"og:url\" content=\"https:\/\/www.omio.com\/window-seat\/culture-lifestyle\/historic-spas-of-europe\/\" \/>\n<meta property=\"og:site_name\" content=\"The Window Seat\" \/>\n<meta property=\"article:published_time\" content=\"2021-02-01T00:00:00+00:00\" \/>\n<meta property=\"article:modified_time\" content=\"2022-06-17T07:57:39+00:00\" \/>\n<meta property=\"og:image\" content=\"https:\/\/www.omio.com\/window-seat\/wp-content\/uploads\/2022\/04\/1_Vichy_shutterstock_708187483-scaled.jpg\" \/>\n\t<meta property=\"og:image:width\" content=\"2560\" \/>\n\t<meta property=\"og:image:height\" content=\"1709\" \/>\n\t<meta property=\"og:image:type\" content=\"image\/jpeg\" \/>\n<meta name=\"author\" content=\"Shandana A. Durrani\" \/>\n<meta name=\"twitter:card\" content=\"summary_large_image\" \/>\n<meta name=\"twitter:label1\" content=\"Written by\" \/>\n\t<meta name=\"twitter:data1\" content=\"Shandana A. Durrani\" \/>\n\t<meta name=\"twitter:label2\" content=\"Est. reading time\" \/>\n\t<meta name=\"twitter:data2\" content=\"8 minutes\" \/>\n<script type=\"application\/ld+json\" class=\"yoast-schema-graph\">{\"@context\":\"https:\/\/schema.org\",\"@graph\":[{\"@type\":\"WebPage\",\"@id\":\"https:\/\/www.omio.com\/window-seat\/culture-lifestyle\/historic-spas-of-europe\/\",\"url\":\"https:\/\/www.omio.com\/window-seat\/culture-lifestyle\/historic-spas-of-europe\/\",\"name\":\"Historic Spas of Europe | Omio\",\"isPartOf\":{\"@id\":\"https:\/\/www.omio.com\/window-seat\/#website\"},\"primaryImageOfPage\":{\"@id\":\"https:\/\/www.omio.com\/window-seat\/culture-lifestyle\/historic-spas-of-europe\/#primaryimage\"},\"image\":{\"@id\":\"https:\/\/www.omio.com\/window-seat\/culture-lifestyle\/historic-spas-of-europe\/#primaryimage\"},\"thumbnailUrl\":\"https:\/\/www.omio.com\/window-seat\/wp-content\/uploads\/2022\/04\/1_Vichy_shutterstock_708187483-scaled.jpg\",\"datePublished\":\"2021-02-01T00:00:00+00:00\",\"dateModified\":\"2022-06-17T07:57:39+00:00\",\"author\":{\"@id\":\"https:\/\/www.omio.com\/window-seat\/#\/schema\/person\/81210fb35284060e7a6c47d3af159bf5\"},\"breadcrumb\":{\"@id\":\"https:\/\/www.omio.com\/window-seat\/culture-lifestyle\/historic-spas-of-europe\/#breadcrumb\"},\"inLanguage\":\"en-US\",\"potentialAction\":[{\"@type\":\"ReadAction\",\"target\":[\"https:\/\/www.omio.com\/window-seat\/culture-lifestyle\/historic-spas-of-europe\/\"]}]},{\"@type\":\"ImageObject\",\"inLanguage\":\"en-US\",\"@id\":\"https:\/\/www.omio.com\/window-seat\/culture-lifestyle\/historic-spas-of-europe\/#primaryimage\",\"url\":\"https:\/\/www.omio.com\/window-seat\/wp-content\/uploads\/2022\/04\/1_Vichy_shutterstock_708187483-scaled.jpg\",\"contentUrl\":\"https:\/\/www.omio.com\/window-seat\/wp-content\/uploads\/2022\/04\/1_Vichy_shutterstock_708187483-scaled.jpg\",\"width\":2560,\"height\":1709,\"caption\":\"Reinvigorate your body and soul at one of 15 UNESCO historic spa towns. Credit: Shutterstock\"},{\"@type\":\"BreadcrumbList\",\"@id\":\"https:\/\/www.omio.com\/window-seat\/culture-lifestyle\/historic-spas-of-europe\/#breadcrumb\",\"itemListElement\":[{\"@type\":\"ListItem\",\"position\":1,\"name\":\"The Window Seat\",\"item\":\"https:\/\/www.omio.com\/window-seat\/\"},{\"@type\":\"ListItem\",\"position\":2,\"name\":\"Culture &amp; Lifestyle\",\"item\":\"https:\/\/www.omio.com\/window-seat\/culture-lifestyle\/\"},{\"@type\":\"ListItem\",\"position\":3,\"name\":\"Wellness\",\"item\":\"https:\/\/www.omio.com\/window-seat\/culture-lifestyle\/wellness\/\"},{\"@type\":\"ListItem\",\"position\":4,\"name\":\"Historic Spas of Europe\"}]},{\"@type\":\"WebSite\",\"@id\":\"https:\/\/www.omio.com\/window-seat\/#website\",\"url\":\"https:\/\/www.omio.com\/window-seat\/\",\"name\":\"The Window Seat\",\"description\":\"\",\"potentialAction\":[{\"@type\":\"SearchAction\",\"target\":{\"@type\":\"EntryPoint\",\"urlTemplate\":\"https:\/\/www.omio.com\/window-seat\/?s={search_term_string}\"},\"query-input\":{\"@type\":\"PropertyValueSpecification\",\"valueRequired\":true,\"valueName\":\"search_term_string\"}}],\"inLanguage\":\"en-US\"},{\"@type\":\"Person\",\"@id\":\"https:\/\/www.omio.com\/window-seat\/#\/schema\/person\/81210fb35284060e7a6c47d3af159bf5\",\"name\":\"Shandana A. Durrani\",\"image\":{\"@type\":\"ImageObject\",\"inLanguage\":\"en-US\",\"@id\":\"https:\/\/www.omio.com\/window-seat\/#\/schema\/person\/image\/\",\"url\":\"https:\/\/secure.gravatar.com\/avatar\/476113e9842659b58c1663ada1d6b2f26e3e82e6dc8cc78268a787224b92d765?s=96&d=mm&r=g\",\"contentUrl\":\"https:\/\/secure.gravatar.com\/avatar\/476113e9842659b58c1663ada1d6b2f26e3e82e6dc8cc78268a787224b92d765?s=96&d=mm&r=g\",\"caption\":\"Shandana A. Durrani\"}}]}<\/script>\n<!-- \/ Yoast SEO plugin. -->","yoast_head_json":{"title":"Historic Spas of Europe | Omio","robots":{"index":"index","follow":"follow","max-snippet":"max-snippet:-1","max-image-preview":"max-image-preview:large","max-video-preview":"max-video-preview:-1"},"canonical":"https:\/\/www.omio.com\/window-seat\/culture-lifestyle\/historic-spas-of-europe\/","og_locale":"en_US","og_type":"article","og_title":"Historic Spas of Europe | Omio","og_description":"Twenty-twenty will forever be remembered as the year of COVID. No matter your background, the stresses of the last year far outweighed its joys. Our physical and mental wellbeing were put to the test in ways we could never have imagined.&nbsp; While the pandemic is still raging, a new vaccine and the easing of some&hellip; Continue reading Historic Spas of Europe","og_url":"https:\/\/www.omio.com\/window-seat\/culture-lifestyle\/historic-spas-of-europe\/","og_site_name":"The Window Seat","article_published_time":"2021-02-01T00:00:00+00:00","article_modified_time":"2022-06-17T07:57:39+00:00","og_image":[{"width":2560,"height":1709,"url":"https:\/\/www.omio.com\/window-seat\/wp-content\/uploads\/2022\/04\/1_Vichy_shutterstock_708187483-scaled.jpg","type":"image\/jpeg"}],"author":"Shandana A. Durrani","twitter_card":"summary_large_image","twitter_misc":{"Written by":"Shandana A. Durrani","Est. reading time":"8 minutes"},"schema":{"@context":"https:\/\/schema.org","@graph":[{"@type":"WebPage","@id":"https:\/\/www.omio.com\/window-seat\/culture-lifestyle\/historic-spas-of-europe\/","url":"https:\/\/www.omio.com\/window-seat\/culture-lifestyle\/historic-spas-of-europe\/","name":"Historic Spas of Europe | Omio","isPartOf":{"@id":"https:\/\/www.omio.com\/window-seat\/#website"},"primaryImageOfPage":{"@id":"https:\/\/www.omio.com\/window-seat\/culture-lifestyle\/historic-spas-of-europe\/#primaryimage"},"image":{"@id":"https:\/\/www.omio.com\/window-seat\/culture-lifestyle\/historic-spas-of-europe\/#primaryimage"},"thumbnailUrl":"https:\/\/www.omio.com\/window-seat\/wp-content\/uploads\/2022\/04\/1_Vichy_shutterstock_708187483-scaled.jpg","datePublished":"2021-02-01T00:00:00+00:00","dateModified":"2022-06-17T07:57:39+00:00","author":{"@id":"https:\/\/www.omio.com\/window-seat\/#\/schema\/person\/81210fb35284060e7a6c47d3af159bf5"},"breadcrumb":{"@id":"https:\/\/www.omio.com\/window-seat\/culture-lifestyle\/historic-spas-of-europe\/#breadcrumb"},"inLanguage":"en-US","potentialAction":[{"@type":"ReadAction","target":["https:\/\/www.omio.com\/window-seat\/culture-lifestyle\/historic-spas-of-europe\/"]}]},{"@type":"ImageObject","inLanguage":"en-US","@id":"https:\/\/www.omio.com\/window-seat\/culture-lifestyle\/historic-spas-of-europe\/#primaryimage","url":"https:\/\/www.omio.com\/window-seat\/wp-content\/uploads\/2022\/04\/1_Vichy_shutterstock_708187483-scaled.jpg","contentUrl":"https:\/\/www.omio.com\/window-seat\/wp-content\/uploads\/2022\/04\/1_Vichy_shutterstock_708187483-scaled.jpg","width":2560,"height":1709,"caption":"Reinvigorate your body and soul at one of 15 UNESCO historic spa towns. Credit: Shutterstock"},{"@type":"BreadcrumbList","@id":"https:\/\/www.omio.com\/window-seat\/culture-lifestyle\/historic-spas-of-europe\/#breadcrumb","itemListElement":[{"@type":"ListItem","position":1,"name":"The Window Seat","item":"https:\/\/www.omio.com\/window-seat\/"},{"@type":"ListItem","position":2,"name":"Culture &amp; Lifestyle","item":"https:\/\/www.omio.com\/window-seat\/culture-lifestyle\/"},{"@type":"ListItem","position":3,"name":"Wellness","item":"https:\/\/www.omio.com\/window-seat\/culture-lifestyle\/wellness\/"},{"@type":"ListItem","position":4,"name":"Historic Spas of Europe"}]},{"@type":"WebSite","@id":"https:\/\/www.omio.com\/window-seat\/#website","url":"https:\/\/www.omio.com\/window-seat\/","name":"The Window Seat","description":"","potentialAction":[{"@type":"SearchAction","target":{"@type":"EntryPoint","urlTemplate":"https:\/\/www.omio.com\/window-seat\/?s={search_term_string}"},"query-input":{"@type":"PropertyValueSpecification","valueRequired":true,"valueName":"search_term_string"}}],"inLanguage":"en-US"},{"@type":"Person","@id":"https:\/\/www.omio.com\/window-seat\/#\/schema\/person\/81210fb35284060e7a6c47d3af159bf5","name":"Shandana A. Durrani","image":{"@type":"ImageObject","inLanguage":"en-US","@id":"https:\/\/www.omio.com\/window-seat\/#\/schema\/person\/image\/","url":"https:\/\/secure.gravatar.com\/avatar\/476113e9842659b58c1663ada1d6b2f26e3e82e6dc8cc78268a787224b92d765?s=96&d=mm&r=g","contentUrl":"https:\/\/secure.gravatar.com\/avatar\/476113e9842659b58c1663ada1d6b2f26e3e82e6dc8cc78268a787224b92d765?s=96&d=mm&r=g","caption":"Shandana A. Durrani"}}]}},"_links":{"self":[{"href":"https:\/\/www.omio.com\/window-seat\/wp-json\/wp\/v2\/posts\/29113","targetHints":{"allow":["GET"]}}],"collection":[{"href":"https:\/\/www.omio.com\/window-seat\/wp-json\/wp\/v2\/posts"}],"about":[{"href":"https:\/\/www.omio.com\/window-seat\/wp-json\/wp\/v2\/types\/post"}],"author":[{"embeddable":true,"href":"https:\/\/www.omio.com\/window-seat\/wp-json\/wp\/v2\/users\/6"}],"replies":[{"embeddable":true,"href":"https:\/\/www.omio.com\/window-seat\/wp-json\/wp\/v2\/comments?post=29113"}],"version-history":[{"count":4,"href":"https:\/\/www.omio.com\/window-seat\/wp-json\/wp\/v2\/posts\/29113\/revisions"}],"predecessor-version":[{"id":39593,"href":"https:\/\/www.omio.com\/window-seat\/wp-json\/wp\/v2\/posts\/29113\/revisions\/39593"}],"wp:featuredmedia":[{"embeddable":true,"href":"https:\/\/www.omio.com\/window-seat\/wp-json\/wp\/v2\/media\/9827"}],"wp:attachment":[{"href":"https:\/\/www.omio.com\/window-seat\/wp-json\/wp\/v2\/media?parent=29113"}],"wp:term":[{"taxonomy":"category","embeddable":true,"href":"https:\/\/www.omio.com\/window-seat\/wp-json\/wp\/v2\/categories?post=29113"},{"taxonomy":"post_tag","embeddable":true,"href":"https:\/\/www.omio.com\/window-seat\/wp-json\/wp\/v2\/tags?post=29113"},{"taxonomy":"position_id","embeddable":true,"href":"https:\/\/www.omio.com\/window-seat\/wp-json\/wp\/v2\/position_ids?post=29113"}],"curies":[{"name":"wp","href":"https:\/\/api.w.org\/{rel}","templated":true}]}}